{"id":502,"date":"2024-08-08T18:05:50","date_gmt":"2024-08-08T16:05:50","guid":{"rendered":"https:\/\/www.ferrantinet.de\/blog\/?p=502"},"modified":"2026-09-01T12:08:58","modified_gmt":"2026-09-01T10:08:58","slug":"der-huehnerstall-im-sommer","status":"publish","type":"post","link":"https:\/\/www.ferrantinet.de\/blog\/der-huehnerstall-im-sommer\/","title":{"rendered":"Der H\u00fchnerstall im Sommer"},"content":{"rendered":"\n<h2 class=\"wp-block-heading\"><strong>So bek\u00e4mpfen Sie die Hitze im H\u00fchnerstall<\/strong><\/h2>\n\n\n\n<p class=\"wp-block-paragraph\"><strong>Der H\u00fchnerstall im Sommer<\/strong><\/p>\n\n\n\n<p class=\"wp-block-paragraph\"><strong>Was tun bei Hitze im H\u00fchnerstall?<\/strong><\/p>\n\n\n\n<p class=\"wp-block-paragraph\">H\u00fchner sind widerstandsf\u00e4hige Tiere, die gesund bleiben k\u00f6nnen, wenn sie die richtigen Bedingungen vorfinden: eine gute Lebensweise, einen geeigneten Platz, an dem sie gehalten werden k\u00f6nnen, das Futter, mit dem sie gef\u00fcttert werden, die Abwesenheit von Krankheitserregern und Krankheiten. All diese Variablen h\u00e4ngen direkt von der Person ab, die den Stall verwaltet und pflegt. Nicht direkt beeinflussbar sind die Witterungsbedingungen und die Au\u00dfentemperatur: H\u00fchner sind im Allgemeinen sehr widerstandsf\u00e4hige Tiere, sowohl gegen Hitze als auch gegen K\u00e4lte. Sie k\u00f6nnen sich bei Temperaturen zwischen 5 und 30 \u00b0C wohl f\u00fchlen. In diesem Artikel analysieren wir die Hauptgefahren f\u00fcr H\u00fchner w\u00e4hrend der Sommersaison und welche Ma\u00dfnahmen Sie ergreifen k\u00f6nnen, um diese Risiken zu vermeiden. Au\u00dferdem erfahren Sie, wie Sie Ihren H\u00fchnerstall vor der K\u00e4lte des Winters sch\u00fctzen k\u00f6nnen.<\/p>\n\n\n\n<h2 class=\"wp-block-heading\"><strong>Warum Hitze f\u00fcr H\u00fchner gef\u00e4hrlich ist<\/strong><\/h2>\n\n\n\n<p class=\"wp-block-paragraph\">Da H\u00fchner keine Schwei\u00dfdr\u00fcsen haben, k\u00f6nnen sie ihre K\u00f6rpertemperatur nur schwer senken. Bei gro\u00dfer Hitze kann man oft beobachten, dass die Hennen dazu neigen, die Fl\u00fcgel vom K\u00f6rper zu nehmen oder mit offenem Schnabel zu atmen. Die einzige M\u00f6glichkeit der Hennen, ihre K\u00f6rpertemperatur zu regulieren, ist der Kamm, das einzige transpirierende Organ. H\u00fchner mit einem gro\u00dfen Kamm, wie z. B. sizilianische und spanische H\u00fchner, vertragen Hitze am besten. Im Folgenden werden einige Ma\u00dfnahmen beschrieben, die Sie ergreifen k\u00f6nnen, um die Hitzeempfindlichkeit Ihrer H\u00fchner zu verringern und so Hitzschlag und Leiden durch \u00fcberm\u00e4\u00dfige Sonneneinstrahlung zu vermeiden.<\/p>\n\n\n\n<h2 class=\"wp-block-heading\"><strong>Hitzschlag<\/strong><\/h2>\n\n\n\n<p class=\"wp-block-paragraph\">Extreme Hitze ist ebenso wie extreme K\u00e4lte eine Gefahr f\u00fcr Ihre H\u00fchner. Bei sehr hohen Temperaturen, insbesondere \u00fcber 35 bis 40 Grad Celsius, leiden Ihre Tiere sehr unter der Hitze, was zu Krankheiten wie Dehydrierung oder Schlimmerem f\u00fchren kann. Wenn Ihre H\u00fchner \u00fcber einen l\u00e4ngeren Zeitraum sengender Hitze ausgesetzt sind, k\u00f6nnen sie auch einen Hitzschlag erleiden. Die Symptome eines Hitzschlags bei H\u00fchnern sind vielf\u00e4ltig: Der Kamm wird blasser, das Atmen f\u00e4llt schwerer, der Schnabel ist st\u00e4ndig ge\u00f6ffnet, das Tier kann nicht ruhig liegen und hat die Augen geschlossen.<\/p>\n\n\n\n<h2 class=\"wp-block-heading\"><strong>Schaffen Sie schattige Bereiche<\/strong><\/h2>\n\n\n\n<p class=\"wp-block-paragraph\">Das wichtigste Mittel, um H\u00fchner vor Hitze zu sch\u00fctzen, ist Schatten. Es ist wichtig, nat\u00fcrliche Schattenbereiche durch Pflanzen, B\u00e4ume oder Str\u00e4ucher oder Schattenbereiche durch spezielle Abdeckungen oder Vord\u00e4cher zu schaffen. Ein H\u00fchnerstall mit erh\u00f6htem Boden ist im Sommer ebenfalls eine gute L\u00f6sung, da die H\u00fchner direkt unter der Sitzstange Schutz vor der Sonne und extremer Hitze finden k\u00f6nnen.<\/p>\n\n\n\n<h2 class=\"wp-block-heading\"><strong>Nie ohne Wasser!!!!<\/strong><\/h2>\n\n\n\n<p class=\"wp-block-paragraph\">Ihre H\u00fchner m\u00fcssen immer Zugang zu frischem, sauberem Wasser haben, besonders in der hei\u00dfesten Zeit des Jahres. H\u00fchner verbrauchen normalerweise 1,5 bis 2 mal so viel Wasser wie Futter. Im Sommer kann sich dieser Wert verdreifachen oder sogar vervierfachen, so dass den H\u00fchnern nie das Wasser ausgehen darf. H\u00fchner bevorzugen k\u00fchles (ca. 12 Grad) und sauberes Wasser. Deshalb muss das Wasser im Sommer h\u00e4ufig gewechselt werden. Um zu verhindern, dass das Wasser zu warm wird, k\u00f6nnen Eisw\u00fcrfel in den Wasserbeh\u00e4lter gegeben werden.<\/p>\n\n\n\n<p class=\"wp-block-paragraph\">Ein weiteres Problem der Wasserverf\u00fcgbarkeit in den w\u00e4rmeren Monaten ist die schnelle Verdunstung. Aus diesem Grund empfehlen wir die Anschaffung einer Siphontr\u00e4nke: Das Wasser wird in einem geschlossenen Beh\u00e4lter aufbewahrt und steht in einer kleinen Schale am Boden des Beh\u00e4lters zum Trinken bereit. Auf diese Weise wird die Menge des verdunsteten Wassers minimiert und gleichzeitig die Wahrscheinlichkeit verringert, dass Ihren H\u00fchnern das Wasser ausgeht.<\/p>\n\n\n\n<h2 class=\"wp-block-heading\"><strong>Wie reinigt man den Stall? <\/strong><\/h2>\n\n\n\n<p class=\"wp-block-paragraph\">Welche Produkte sind am besten geeignet, um die Umgebung des Stalls nicht zu besch\u00e4digen? All diese Fragen beantworten wir.<\/p>\n\n\n\n<h2 class=\"wp-block-heading\"><strong>Entdecken Sie unsere H\u00fchnerst\u00e4lle!<\/strong><\/h2>\n\n\n\n<p class=\"wp-block-paragraph\">Besuchen Sie unseren Shop und entdecken Sie die verschiedenen L\u00f6sungen f\u00fcr Ihre H\u00fchner!<\/p>\n\n\n\n<p class=\"wp-block-paragraph\">Wir stellen Produkte nach Ma\u00df her, die Ihren Bed\u00fcrfnissen entsprechen!<\/p>\n\n\n\n<div class=\"wp-block-buttons is-layout-flex wp-block-buttons-is-layout-flex\">\n<div class=\"wp-block-button\"><a class=\"wp-block-button__link wp-element-button\" href=\"https:\/\/www.ferrantinet.de\/14-huhnerstalle-und-kafige-fur-huhner\"><strong>SHOP ENTDECKEN<\/strong><\/a><\/div>\n<\/div>\n","protected":false},"excerpt":{"rendered":"<p>So bek\u00e4mpfen Sie die Hitze im H\u00fchnerstall Der H\u00fchnerstall im Sommer Was tun bei Hitze im H\u00fchnerstall? H\u00fchner sind widerstandsf\u00e4hige Tiere, die gesund bleiben k\u00f6nnen, wenn sie die richtigen Bedingungen vorfinden: eine gute Lebensweise, einen geeigneten Platz, an dem sie gehalten werden k\u00f6nnen, das Futter, mit dem sie gef\u00fcttert werden, die Abwesenheit von Krankheitserregern und [&hellip;]<\/p>\n","protected":false},"author":1,"featured_media":490,"comment_status":"closed","ping_status":"closed","sticky":false,"template":"","format":"standard","meta":{"footnotes":""},"categories":[1],"tags":[],"class_list":["post-502","post","type-post","status-publish","format-standard","has-post-thumbnail","hentry","category-blog"],"yoast_head":"<!-- This site is optimized with the Yoast SEO plugin v26.5 - https:\/\/yoast.com\/wordpress\/plugins\/seo\/ -->\n<title>H\u00fchnerstall im Sommer: So sch\u00fctzen Sie Ihre H\u00fchner vor Hitze<\/title>\n<meta name=\"description\" content=\"Hitzeschutz f\u00fcr H\u00fchner: Bel\u00fcftung, Schatten und die richtige Stallwahl f\u00fcr hei\u00dfe Sommertage.\" \/>\n<meta name=\"robots\" content=\"index, follow, max-snippet:-1, max-image-preview:large, max-video-preview:-1\" \/>\n<link rel=\"canonical\" href=\"https:\/\/www.ferrantinet.de\/blog\/der-huehnerstall-im-sommer\/\" \/>\n<meta property=\"og:locale\" content=\"de_DE\" \/>\n<meta property=\"og:type\" content=\"article\" \/>\n<meta property=\"og:title\" content=\"H\u00fchnerstall im Sommer: So sch\u00fctzen Sie Ihre H\u00fchner vor Hitze\" \/>\n<meta property=\"og:description\" content=\"Hitzeschutz f\u00fcr H\u00fchner: Bel\u00fcftung, Schatten und die richtige Stallwahl f\u00fcr hei\u00dfe Sommertage.\" \/>\n<meta property=\"og:url\" content=\"https:\/\/www.ferrantinet.de\/blog\/der-huehnerstall-im-sommer\/\" \/>\n<meta property=\"og:site_name\" content=\"Ferranti Blog DE\" \/>\n<meta property=\"article:publisher\" content=\"https:\/\/www.facebook.com\/ferrantinet.de\/\" \/>\n<meta property=\"article:published_time\" content=\"2024-08-08T16:05:50+00:00\" \/>\n<meta property=\"article:modified_time\" content=\"2026-09-01T10:08:58+00:00\" \/>\n<meta property=\"og:image\" content=\"https:\/\/www.ferrantinet.de\/blog\/wp-content\/uploads\/2024\/08\/Wann-ist-ein-isolierter-Huehnerstall-eine-gute-Idee.jpg\" \/>\n\t<meta property=\"og:image:width\" content=\"1151\" \/>\n\t<meta property=\"og:image:height\" content=\"574\" \/>\n\t<meta property=\"og:image:type\" content=\"image\/jpeg\" \/>\n<meta name=\"author\" content=\"alessandro\" \/>\n<meta name=\"twitter:card\" content=\"summary_large_image\" \/>\n<meta name=\"twitter:creator\" content=\"@FerrantiDach\" \/>\n<meta name=\"twitter:site\" content=\"@FerrantiDach\" \/>\n<meta name=\"twitter:label1\" content=\"Verfasst von\" \/>\n\t<meta name=\"twitter:data1\" content=\"alessandro\" \/>\n\t<meta name=\"twitter:label2\" content=\"Gesch\u00e4tzte Lesezeit\" \/>\n\t<meta name=\"twitter:data2\" content=\"4\u00a0Minuten\" \/>\n<script type=\"application\/ld+json\" class=\"yoast-schema-graph\">{\"@context\":\"https:\/\/schema.org\",\"@graph\":[{\"@type\":\"Article\",\"@id\":\"https:\/\/www.ferrantinet.de\/blog\/der-huehnerstall-im-sommer\/#article\",\"isPartOf\":{\"@id\":\"https:\/\/www.ferrantinet.de\/blog\/der-huehnerstall-im-sommer\/\"},\"author\":{\"name\":\"alessandro\",\"@id\":\"https:\/\/www.ferrantinet.de\/blog\/#\/schema\/person\/7e5e4af5bffa52f4620fcd53f812ec73\"},\"headline\":\"Der H\u00fchnerstall im Sommer\",\"datePublished\":\"2024-08-08T16:05:50+00:00\",\"dateModified\":\"2026-09-01T10:08:58+00:00\",\"mainEntityOfPage\":{\"@id\":\"https:\/\/www.ferrantinet.de\/blog\/der-huehnerstall-im-sommer\/\"},\"wordCount\":688,\"publisher\":{\"@id\":\"https:\/\/www.ferrantinet.de\/blog\/#organization\"},\"image\":{\"@id\":\"https:\/\/www.ferrantinet.de\/blog\/der-huehnerstall-im-sommer\/#primaryimage\"},\"thumbnailUrl\":\"https:\/\/www.ferrantinet.de\/blog\/wp-content\/uploads\/2024\/08\/Wann-ist-ein-isolierter-Huehnerstall-eine-gute-Idee.jpg\",\"articleSection\":[\"Blog\"],\"inLanguage\":\"de\"},{\"@type\":\"WebPage\",\"@id\":\"https:\/\/www.ferrantinet.de\/blog\/der-huehnerstall-im-sommer\/\",\"url\":\"https:\/\/www.ferrantinet.de\/blog\/der-huehnerstall-im-sommer\/\",\"name\":\"H\u00fchnerstall im Sommer: So sch\u00fctzen Sie Ihre H\u00fchner vor Hitze\",\"isPartOf\":{\"@id\":\"https:\/\/www.ferrantinet.de\/blog\/#website\"},\"primaryImageOfPage\":{\"@id\":\"https:\/\/www.ferrantinet.de\/blog\/der-huehnerstall-im-sommer\/#primaryimage\"},\"image\":{\"@id\":\"https:\/\/www.ferrantinet.de\/blog\/der-huehnerstall-im-sommer\/#primaryimage\"},\"thumbnailUrl\":\"https:\/\/www.ferrantinet.de\/blog\/wp-content\/uploads\/2024\/08\/Wann-ist-ein-isolierter-Huehnerstall-eine-gute-Idee.jpg\",\"datePublished\":\"2024-08-08T16:05:50+00:00\",\"dateModified\":\"2026-09-01T10:08:58+00:00\",\"description\":\"Hitzeschutz f\u00fcr H\u00fchner: Bel\u00fcftung, Schatten und die richtige Stallwahl f\u00fcr hei\u00dfe Sommertage.\",\"breadcrumb\":{\"@id\":\"https:\/\/www.ferrantinet.de\/blog\/der-huehnerstall-im-sommer\/#breadcrumb\"},\"inLanguage\":\"de\",\"potentialAction\":[{\"@type\":\"ReadAction\",\"target\":[\"https:\/\/www.ferrantinet.de\/blog\/der-huehnerstall-im-sommer\/\"]}]},{\"@type\":\"ImageObject\",\"inLanguage\":\"de\",\"@id\":\"https:\/\/www.ferrantinet.de\/blog\/der-huehnerstall-im-sommer\/#primaryimage\",\"url\":\"https:\/\/www.ferrantinet.de\/blog\/wp-content\/uploads\/2024\/08\/Wann-ist-ein-isolierter-Huehnerstall-eine-gute-Idee.jpg\",\"contentUrl\":\"https:\/\/www.ferrantinet.de\/blog\/wp-content\/uploads\/2024\/08\/Wann-ist-ein-isolierter-Huehnerstall-eine-gute-Idee.jpg\",\"width\":1151,\"height\":574},{\"@type\":\"BreadcrumbList\",\"@id\":\"https:\/\/www.ferrantinet.de\/blog\/der-huehnerstall-im-sommer\/#breadcrumb\",\"itemListElement\":[{\"@type\":\"ListItem\",\"position\":1,\"name\":\"Home\",\"item\":\"https:\/\/www.ferrantinet.de\/blog\/\"},{\"@type\":\"ListItem\",\"position\":2,\"name\":\"Der H\u00fchnerstall im Sommer\"}]},{\"@type\":\"WebSite\",\"@id\":\"https:\/\/www.ferrantinet.de\/blog\/#website\",\"url\":\"https:\/\/www.ferrantinet.de\/blog\/\",\"name\":\"https:\/\/www.ferrantinet.de\/\",\"description\":\"\",\"publisher\":{\"@id\":\"https:\/\/www.ferrantinet.de\/blog\/#organization\"},\"potentialAction\":[{\"@type\":\"SearchAction\",\"target\":{\"@type\":\"EntryPoint\",\"urlTemplate\":\"https:\/\/www.ferrantinet.de\/blog\/?s={search_term_string}\"},\"query-input\":{\"@type\":\"PropertyValueSpecification\",\"valueRequired\":true,\"valueName\":\"search_term_string\"}}],\"inLanguage\":\"de\"},{\"@type\":\"Organization\",\"@id\":\"https:\/\/www.ferrantinet.de\/blog\/#organization\",\"name\":\"Ferranti srl unipersonale\",\"url\":\"https:\/\/www.ferrantinet.de\/blog\/\",\"logo\":{\"@type\":\"ImageObject\",\"inLanguage\":\"de\",\"@id\":\"https:\/\/www.ferrantinet.de\/blog\/#\/schema\/logo\/image\/\",\"url\":\"https:\/\/www.ferrantinet.de\/blog\/wp-content\/uploads\/2025\/11\/logo-tedesco-quadro.jpg\",\"contentUrl\":\"https:\/\/www.ferrantinet.de\/blog\/wp-content\/uploads\/2025\/11\/logo-tedesco-quadro.jpg\",\"width\":265,\"height\":265,\"caption\":\"Ferranti srl unipersonale\"},\"image\":{\"@id\":\"https:\/\/www.ferrantinet.de\/blog\/#\/schema\/logo\/image\/\"},\"sameAs\":[\"https:\/\/www.facebook.com\/ferrantinet.de\/\",\"https:\/\/x.com\/FerrantiDach\"]},{\"@type\":\"Person\",\"@id\":\"https:\/\/www.ferrantinet.de\/blog\/#\/schema\/person\/7e5e4af5bffa52f4620fcd53f812ec73\",\"name\":\"alessandro\",\"image\":{\"@type\":\"ImageObject\",\"inLanguage\":\"de\",\"@id\":\"https:\/\/www.ferrantinet.de\/blog\/#\/schema\/person\/image\/\",\"url\":\"https:\/\/secure.gravatar.com\/avatar\/0fcb499242739e48b09b4460894594ee829f25fc0e5299346e6914f734f740f4?s=96&d=mm&r=g\",\"contentUrl\":\"https:\/\/secure.gravatar.com\/avatar\/0fcb499242739e48b09b4460894594ee829f25fc0e5299346e6914f734f740f4?s=96&d=mm&r=g\",\"caption\":\"alessandro\"},\"sameAs\":[\"https:\/\/www.ferrantinet.de\/blog\"]}]}<\/script>\n<!-- \/ Yoast SEO plugin. -->","yoast_head_json":{"title":"H\u00fchnerstall im Sommer: So sch\u00fctzen Sie Ihre H\u00fchner vor Hitze","description":"Hitzeschutz f\u00fcr H\u00fchner: Bel\u00fcftung, Schatten und die richtige Stallwahl f\u00fcr hei\u00dfe Sommertage.","robots":{"index":"index","follow":"follow","max-snippet":"max-snippet:-1","max-image-preview":"max-image-preview:large","max-video-preview":"max-video-preview:-1"},"canonical":"https:\/\/www.ferrantinet.de\/blog\/der-huehnerstall-im-sommer\/","og_locale":"de_DE","og_type":"article","og_title":"H\u00fchnerstall im Sommer: So sch\u00fctzen Sie Ihre H\u00fchner vor Hitze","og_description":"Hitzeschutz f\u00fcr H\u00fchner: Bel\u00fcftung, Schatten und die richtige Stallwahl f\u00fcr hei\u00dfe Sommertage.","og_url":"https:\/\/www.ferrantinet.de\/blog\/der-huehnerstall-im-sommer\/","og_site_name":"Ferranti Blog DE","article_publisher":"https:\/\/www.facebook.com\/ferrantinet.de\/","article_published_time":"2024-08-08T16:05:50+00:00","article_modified_time":"2026-09-01T10:08:58+00:00","og_image":[{"width":1151,"height":574,"url":"https:\/\/www.ferrantinet.de\/blog\/wp-content\/uploads\/2024\/08\/Wann-ist-ein-isolierter-Huehnerstall-eine-gute-Idee.jpg","type":"image\/jpeg"}],"author":"alessandro","twitter_card":"summary_large_image","twitter_creator":"@FerrantiDach","twitter_site":"@FerrantiDach","twitter_misc":{"Verfasst von":"alessandro","Gesch\u00e4tzte Lesezeit":"4\u00a0Minuten"},"schema":{"@context":"https:\/\/schema.org","@graph":[{"@type":"Article","@id":"https:\/\/www.ferrantinet.de\/blog\/der-huehnerstall-im-sommer\/#article","isPartOf":{"@id":"https:\/\/www.ferrantinet.de\/blog\/der-huehnerstall-im-sommer\/"},"author":{"name":"alessandro","@id":"https:\/\/www.ferrantinet.de\/blog\/#\/schema\/person\/7e5e4af5bffa52f4620fcd53f812ec73"},"headline":"Der H\u00fchnerstall im Sommer","datePublished":"2024-08-08T16:05:50+00:00","dateModified":"2026-09-01T10:08:58+00:00","mainEntityOfPage":{"@id":"https:\/\/www.ferrantinet.de\/blog\/der-huehnerstall-im-sommer\/"},"wordCount":688,"publisher":{"@id":"https:\/\/www.ferrantinet.de\/blog\/#organization"},"image":{"@id":"https:\/\/www.ferrantinet.de\/blog\/der-huehnerstall-im-sommer\/#primaryimage"},"thumbnailUrl":"https:\/\/www.ferrantinet.de\/blog\/wp-content\/uploads\/2024\/08\/Wann-ist-ein-isolierter-Huehnerstall-eine-gute-Idee.jpg","articleSection":["Blog"],"inLanguage":"de"},{"@type":"WebPage","@id":"https:\/\/www.ferrantinet.de\/blog\/der-huehnerstall-im-sommer\/","url":"https:\/\/www.ferrantinet.de\/blog\/der-huehnerstall-im-sommer\/","name":"H\u00fchnerstall im Sommer: So sch\u00fctzen Sie Ihre H\u00fchner vor Hitze","isPartOf":{"@id":"https:\/\/www.ferrantinet.de\/blog\/#website"},"primaryImageOfPage":{"@id":"https:\/\/www.ferrantinet.de\/blog\/der-huehnerstall-im-sommer\/#primaryimage"},"image":{"@id":"https:\/\/www.ferrantinet.de\/blog\/der-huehnerstall-im-sommer\/#primaryimage"},"thumbnailUrl":"https:\/\/www.ferrantinet.de\/blog\/wp-content\/uploads\/2024\/08\/Wann-ist-ein-isolierter-Huehnerstall-eine-gute-Idee.jpg","datePublished":"2024-08-08T16:05:50+00:00","dateModified":"2026-09-01T10:08:58+00:00","description":"Hitzeschutz f\u00fcr H\u00fchner: Bel\u00fcftung, Schatten und die richtige Stallwahl f\u00fcr hei\u00dfe Sommertage.","breadcrumb":{"@id":"https:\/\/www.ferrantinet.de\/blog\/der-huehnerstall-im-sommer\/#breadcrumb"},"inLanguage":"de","potentialAction":[{"@type":"ReadAction","target":["https:\/\/www.ferrantinet.de\/blog\/der-huehnerstall-im-sommer\/"]}]},{"@type":"ImageObject","inLanguage":"de","@id":"https:\/\/www.ferrantinet.de\/blog\/der-huehnerstall-im-sommer\/#primaryimage","url":"https:\/\/www.ferrantinet.de\/blog\/wp-content\/uploads\/2024\/08\/Wann-ist-ein-isolierter-Huehnerstall-eine-gute-Idee.jpg","contentUrl":"https:\/\/www.ferrantinet.de\/blog\/wp-content\/uploads\/2024\/08\/Wann-ist-ein-isolierter-Huehnerstall-eine-gute-Idee.jpg","width":1151,"height":574},{"@type":"BreadcrumbList","@id":"https:\/\/www.ferrantinet.de\/blog\/der-huehnerstall-im-sommer\/#breadcrumb","itemListElement":[{"@type":"ListItem","position":1,"name":"Home","item":"https:\/\/www.ferrantinet.de\/blog\/"},{"@type":"ListItem","position":2,"name":"Der H\u00fchnerstall im Sommer"}]},{"@type":"WebSite","@id":"https:\/\/www.ferrantinet.de\/blog\/#website","url":"https:\/\/www.ferrantinet.de\/blog\/","name":"https:\/\/www.ferrantinet.de\/","description":"","publisher":{"@id":"https:\/\/www.ferrantinet.de\/blog\/#organization"},"potentialAction":[{"@type":"SearchAction","target":{"@type":"EntryPoint","urlTemplate":"https:\/\/www.ferrantinet.de\/blog\/?s={search_term_string}"},"query-input":{"@type":"PropertyValueSpecification","valueRequired":true,"valueName":"search_term_string"}}],"inLanguage":"de"},{"@type":"Organization","@id":"https:\/\/www.ferrantinet.de\/blog\/#organization","name":"Ferranti srl unipersonale","url":"https:\/\/www.ferrantinet.de\/blog\/","logo":{"@type":"ImageObject","inLanguage":"de","@id":"https:\/\/www.ferrantinet.de\/blog\/#\/schema\/logo\/image\/","url":"https:\/\/www.ferrantinet.de\/blog\/wp-content\/uploads\/2025\/11\/logo-tedesco-quadro.jpg","contentUrl":"https:\/\/www.ferrantinet.de\/blog\/wp-content\/uploads\/2025\/11\/logo-tedesco-quadro.jpg","width":265,"height":265,"caption":"Ferranti srl unipersonale"},"image":{"@id":"https:\/\/www.ferrantinet.de\/blog\/#\/schema\/logo\/image\/"},"sameAs":["https:\/\/www.facebook.com\/ferrantinet.de\/","https:\/\/x.com\/FerrantiDach"]},{"@type":"Person","@id":"https:\/\/www.ferrantinet.de\/blog\/#\/schema\/person\/7e5e4af5bffa52f4620fcd53f812ec73","name":"alessandro","image":{"@type":"ImageObject","inLanguage":"de","@id":"https:\/\/www.ferrantinet.de\/blog\/#\/schema\/person\/image\/","url":"https:\/\/secure.gravatar.com\/avatar\/0fcb499242739e48b09b4460894594ee829f25fc0e5299346e6914f734f740f4?s=96&d=mm&r=g","contentUrl":"https:\/\/secure.gravatar.com\/avatar\/0fcb499242739e48b09b4460894594ee829f25fc0e5299346e6914f734f740f4?s=96&d=mm&r=g","caption":"alessandro"},"sameAs":["https:\/\/www.ferrantinet.de\/blog"]}]}},"_links":{"self":[{"href":"https:\/\/www.ferrantinet.de\/blog\/wp-json\/wp\/v2\/posts\/502","targetHints":{"allow":["GET"]}}],"collection":[{"href":"https:\/\/www.ferrantinet.de\/blog\/wp-json\/wp\/v2\/posts"}],"about":[{"href":"https:\/\/www.ferrantinet.de\/blog\/wp-json\/wp\/v2\/types\/post"}],"author":[{"embeddable":true,"href":"https:\/\/www.ferrantinet.de\/blog\/wp-json\/wp\/v2\/users\/1"}],"replies":[{"embeddable":true,"href":"https:\/\/www.ferrantinet.de\/blog\/wp-json\/wp\/v2\/comments?post=502"}],"version-history":[{"count":4,"href":"https:\/\/www.ferrantinet.de\/blog\/wp-json\/wp\/v2\/posts\/502\/revisions"}],"predecessor-version":[{"id":723,"href":"https:\/\/www.ferrantinet.de\/blog\/wp-json\/wp\/v2\/posts\/502\/revisions\/723"}],"wp:featuredmedia":[{"embeddable":true,"href":"https:\/\/www.ferrantinet.de\/blog\/wp-json\/wp\/v2\/media\/490"}],"wp:attachment":[{"href":"https:\/\/www.ferrantinet.de\/blog\/wp-json\/wp\/v2\/media?parent=502"}],"wp:term":[{"taxonomy":"category","embeddable":true,"href":"https:\/\/www.ferrantinet.de\/blog\/wp-json\/wp\/v2\/categories?post=502"},{"taxonomy":"post_tag","embeddable":true,"href":"https:\/\/www.ferrantinet.de\/blog\/wp-json\/wp\/v2\/tags?post=502"}],"curies":[{"name":"wp","href":"https:\/\/api.w.org\/{rel}","templated":true}]}}