{"id":441,"date":"2024-08-08T11:45:22","date_gmt":"2024-08-08T09:45:22","guid":{"rendered":"https:\/\/www.ferrantinet.de\/blog\/?p=441"},"modified":"2025-11-24T12:00:44","modified_gmt":"2025-11-24T11:00:44","slug":"hundehuette-fuer-franzoesische-bulldoggen","status":"publish","type":"post","link":"https:\/\/www.ferrantinet.de\/blog\/hundehuette-fuer-franzoesische-bulldoggen\/","title":{"rendered":"Hundeh\u00fctte f\u00fcr franz\u00f6sische Bulldoggen"},"content":{"rendered":"\n<p class=\"wp-block-paragraph\">Sie fragen sich, welches der beste Platz f\u00fcr eine franz\u00f6sische Bulldogge ist? Dann sind Sie bei uns genau richtig! In diesem Artikel gehen wir darauf ein, wie Sie die beste Hundeh\u00fctte f\u00fcr Ihre Franz\u00f6sische Bulldogge ausw\u00e4hlen, egal ob Ihr Tier drinnen oder drau\u00dfen schl\u00e4ft.<\/p>\n\n\n\n<p class=\"wp-block-paragraph\">Wie auch immer Sie sich entscheiden, wichtig ist, dass Ihr Hund sich wohlf\u00fchlt und sich frei bewegen kann. Die Hundeh\u00fctte ist ein sicherer Zufluchtsort f\u00fcr Ihr Haustier zum Schlafen, zum Ausruhen nach einem sch\u00f6nen Spaziergang im Park, zum Spielen oder wenn es ihm nicht so gut geht.<\/p>\n\n\n\n<h2 class=\"wp-block-heading\"><strong>Au\u00dfen Hundeh\u00fctte f\u00fcr die franz\u00f6sische Bulldogge<\/strong><\/h2>\n\n\n\n<p class=\"wp-block-paragraph\">Viele franz\u00f6sische Bulldoggen sind es gewohnt, drau\u00dfen zu schlafen, im Garten, auf dem Balkon oder auf der Terrasse. Wichtig ist, dass sie ausreichend vor Witterungseinfl\u00fcssen wie starker Sonne, Wind, Regen, Feuchtigkeit und Schnee gesch\u00fctzt sind.<\/p>\n\n\n\n<p class=\"wp-block-paragraph\">Der Hundekorb f\u00fcr franz\u00f6sische Bulldoggen, die im Freien schlafen, sollte aus Holz bestehen, einem sehr haltbaren Material, das sowohl im Sommer als auch im Winter eine ausgezeichnete W\u00e4rmed\u00e4mmung bietet. Das Dach sollte isoliert sein, die W\u00e4nde sollten dick sein und der Boden sollte erh\u00f6ht sein, um der Feuchtigkeit wirksam entgegenzuwirken. Diese Hundeh\u00fctten sind sehr einfach zu montieren, so dass Sie mit einer einfachen Do-it-yourself-Ma\u00dfnahme in nur wenigen Minuten ein Zuhause f\u00fcr Ihr Haustier schaffen k\u00f6nnen.<\/p>\n\n\n\n<p class=\"wp-block-paragraph\">Als Alternative k\u00f6nnen Sie sich f\u00fcr Hundeh\u00fctten aus Kunststoff entscheiden, die zwar nicht die gleiche Leistung wie Holzh\u00fctten bieten, aber dennoch recht langlebig sind und keine Angst vor Feuchtigkeit haben. Einige Modelle sind mit seitlichen L\u00fcftungs\u00f6ffnungen ausgestattet, um eine gute Bel\u00fcftung zu gew\u00e4hrleisten, und andere haben ein abnehmbares Dach, das die Reinigung erleichtert.<\/p>\n\n\n\n<p class=\"wp-block-paragraph\">F\u00fcr die Sommersaison k\u00f6nnen Sie sich f\u00fcr sehr bequeme und extrovertierte L\u00f6sungen entscheiden, wie z. B. Sommerhimmelbetten mit Dach, die waschbar sind und aus atmungsaktiven Stoffen bestehen.<\/p>\n\n\n\n<h2 class=\"wp-block-heading\"><strong>Innenh\u00fctte f\u00fcr Franz\u00f6sische Bulldogge<\/strong><\/h2>\n\n\n\n<p class=\"wp-block-paragraph\">Ist Ihr pelziger Liebling daran gew\u00f6hnt, in den eigenen vier W\u00e4nden zu schlafen? Dann sollte der Au\u00dfenh\u00fctte f\u00fcr franz\u00f6sische Bulldoggen nicht mehr verwendet werden. Zu den auf dem Markt erh\u00e4ltlichen L\u00f6sungen geh\u00f6ren spezielle Innenzwinger wie gepolsterte H\u00e4user mit abnehmbarem Dach f\u00fcr eine einfache Reinigung. Diese Modelle haben ein besonders attraktives Design, so dass sie sich auch perfekt in die Inneneinrichtung des Hauses einf\u00fcgen k\u00f6nnen.<\/p>\n\n\n\n<p class=\"wp-block-paragraph\">Suchen Sie eine bequeme Position f\u00fcr den Hund, aber auch f\u00fcr Sie, damit er sich in seiner Hundeh\u00fctte wohlf\u00fchlt und Sie ungehindert Ihren normalen t\u00e4glichen Aktivit\u00e4ten nachgehen k\u00f6nnen.<\/p>\n\n\n\n<p class=\"wp-block-paragraph\">Der ideale Hundeh\u00fctte f\u00fcr die franz\u00f6sische Bulldogge sollte auch nach seinem Charakter ausgew\u00e4hlt werden. Wenn Ihr vierbeiniger Freund besonders faul ist, dann ist der ideale Hundeh\u00fctte eine weiche Matratze mit Kissen, wo er herrliche Nickerchen machen kann.<\/p>\n\n\n\n<p class=\"wp-block-paragraph\">Welchen Hundehalter sollten Sie w\u00e4hlen, wenn die franz\u00f6sische Bulldogge besonders z\u00e4h ist? In diesem Fall sollten Sie sich f\u00fcr eine sehr robuste Hundeh\u00fctte entscheiden, z. B. ein Bettchen mit Metallrahmen, das mit synthetischem Stoff \u00fcberzogen ist und sich leicht reinigen l\u00e4sst, um maximale Hygiene zu gew\u00e4hrleisten.&nbsp;&nbsp;&nbsp;<\/p>\n\n\n\n<p class=\"wp-block-paragraph\">Sind Sie auf der Suche nach einer anspruchsvollen und modischen Hundeh\u00fctte? F\u00fcr Sie gibt es weiche Sofas mit Arm- und R\u00fcckenlehnen, auf denen Ihr pelziges Haustier friedlich schlafen kann. Au\u00dferdem gibt es Kunststoffk\u00f6rbe und Betten mit Fleece-, Kunstfell- und Samtbezug.<\/p>\n\n\n\n<figure class=\"wp-block-image size-large\"><a href=\"https:\/\/www.ferrantinet.de\/hundehutten\/17-isolierte-hundehuette.html\"><img loading=\"lazy\" decoding=\"async\" width=\"1024\" height=\"511\" src=\"https:\/\/www.ferrantinet.de\/blog\/wp-content\/uploads\/2024\/08\/Hundehuette-fuer-franzoesische-Bulldoggen-1024x511.jpg\" alt=\"\" class=\"wp-image-442\" srcset=\"https:\/\/www.ferrantinet.de\/blog\/wp-content\/uploads\/2024\/08\/Hundehuette-fuer-franzoesische-Bulldoggen-1024x511.jpg 1024w, https:\/\/www.ferrantinet.de\/blog\/wp-content\/uploads\/2024\/08\/Hundehuette-fuer-franzoesische-Bulldoggen-300x150.jpg 300w, https:\/\/www.ferrantinet.de\/blog\/wp-content\/uploads\/2024\/08\/Hundehuette-fuer-franzoesische-Bulldoggen-768x383.jpg 768w, https:\/\/www.ferrantinet.de\/blog\/wp-content\/uploads\/2024\/08\/Hundehuette-fuer-franzoesische-Bulldoggen.jpg 1151w\" sizes=\"auto, (max-width: 1024px) 100vw, 1024px\" \/><\/a><\/figure>\n\n\n\n<h2 class=\"wp-block-heading\"><strong>Isolierte Hundeh\u00fctten&nbsp;<\/strong><\/h2>\n\n\n\n<p class=\"wp-block-paragraph\">Auf dem Markt gibt es so genannte isolierte Hundeh\u00fctten, die sowohl im Sommer als auch im Winter eine bessere W\u00e4rmeisolierung bieten. Diese L\u00f6sungen sind ideal f\u00fcr kranke, operierte oder \u00e4ltere Hunde sowie f\u00fcr tr\u00e4chtige oder bereits geborene H\u00fcndinnen. Hundeh\u00fctten aus Holz sind in der Regel bereits isoliert und bieten Ihrem vierbeinigen Freund ein H\u00f6chstma\u00df an Komfort, da sie im Hochsommer eine k\u00fchle Umgebung und an kalten Wintertagen eine gut geheizte Umgebung bieten.<\/p>\n\n\n\n<h2 class=\"wp-block-heading\"><strong>Werfen Sie einen Blick in unser Hundeh\u00fctten&#8230;<\/strong><\/h2>\n\n\n\n<p class=\"wp-block-paragraph\">In unserem Shop finden Sie verschiedene L\u00f6sungen f\u00fcr Ihre Hundeh\u00fctte. Wir fertigen auch ma\u00dfgeschneiderte Produkte f\u00fcr Ihren vierbeinigen Freund!<\/p>\n\n\n\n<div class=\"wp-block-buttons is-layout-flex wp-block-buttons-is-layout-flex\">\n<div class=\"wp-block-button\"><a class=\"wp-block-button__link wp-element-button\" href=\"https:\/\/www.ferrantinet.de\/8-hundehutten\"><strong>SHOP ENTDECKEN<\/strong><\/a><\/div>\n<\/div>\n","protected":false},"excerpt":{"rendered":"<p>Sie fragen sich, welches der beste Platz f\u00fcr eine franz\u00f6sische Bulldogge ist? Dann sind Sie bei uns genau richtig! In diesem Artikel gehen wir darauf ein, wie Sie die beste Hundeh\u00fctte f\u00fcr Ihre Franz\u00f6sische Bulldogge ausw\u00e4hlen, egal ob Ihr Tier drinnen oder drau\u00dfen schl\u00e4ft. Wie auch immer Sie sich entscheiden, wichtig ist, dass Ihr Hund [&hellip;]<\/p>\n","protected":false},"author":1,"featured_media":442,"comment_status":"closed","ping_status":"closed","sticky":false,"template":"","format":"standard","meta":{"footnotes":""},"categories":[1],"tags":[],"class_list":["post-441","post","type-post","status-publish","format-standard","has-post-thumbnail","hentry","category-blog"],"yoast_head":"<!-- This site is optimized with the Yoast SEO plugin v26.5 - https:\/\/yoast.com\/wordpress\/plugins\/seo\/ -->\n<title>Hundeh\u00fctte f\u00fcr franz\u00f6sische Bulldoggen: Modell | Ferranti<\/title>\n<meta name=\"description\" content=\"Hundeh\u00fctte f\u00fcr franz\u00f6sische Bulldoggen: richtige Gr\u00f6\u00dfe, wetterfeste Materialien und komfortable Gestaltung f\u00fcr eine sichere Outdoor-Nutzung.\" \/>\n<meta name=\"robots\" content=\"index, follow, max-snippet:-1, max-image-preview:large, max-video-preview:-1\" \/>\n<link rel=\"canonical\" href=\"https:\/\/www.ferrantinet.de\/blog\/hundehuette-fuer-franzoesische-bulldoggen\/\" \/>\n<meta property=\"og:locale\" content=\"de_DE\" \/>\n<meta property=\"og:type\" content=\"article\" \/>\n<meta property=\"og:title\" content=\"Hundeh\u00fctte f\u00fcr franz\u00f6sische Bulldoggen: Modell | Ferranti\" \/>\n<meta property=\"og:description\" content=\"Hundeh\u00fctte f\u00fcr franz\u00f6sische Bulldoggen: richtige Gr\u00f6\u00dfe, wetterfeste Materialien und komfortable Gestaltung f\u00fcr eine sichere Outdoor-Nutzung.\" \/>\n<meta property=\"og:url\" content=\"https:\/\/www.ferrantinet.de\/blog\/hundehuette-fuer-franzoesische-bulldoggen\/\" \/>\n<meta property=\"og:site_name\" content=\"Ferranti Blog DE\" \/>\n<meta property=\"article:publisher\" content=\"https:\/\/www.facebook.com\/ferrantinet.de\/\" \/>\n<meta property=\"article:published_time\" content=\"2024-08-08T09:45:22+00:00\" \/>\n<meta property=\"article:modified_time\" content=\"2025-11-24T11:00:44+00:00\" \/>\n<meta property=\"og:image\" content=\"https:\/\/www.ferrantinet.de\/blog\/wp-content\/uploads\/2024\/08\/Hundehuette-fuer-franzoesische-Bulldoggen.jpg\" \/>\n\t<meta property=\"og:image:width\" content=\"1151\" \/>\n\t<meta property=\"og:image:height\" content=\"574\" \/>\n\t<meta property=\"og:image:type\" content=\"image\/jpeg\" \/>\n<meta name=\"author\" content=\"alessandro\" \/>\n<meta name=\"twitter:card\" content=\"summary_large_image\" \/>\n<meta name=\"twitter:creator\" content=\"@FerrantiDach\" \/>\n<meta name=\"twitter:site\" content=\"@FerrantiDach\" \/>\n<meta name=\"twitter:label1\" content=\"Verfasst von\" \/>\n\t<meta name=\"twitter:data1\" content=\"alessandro\" \/>\n\t<meta name=\"twitter:label2\" content=\"Gesch\u00e4tzte Lesezeit\" \/>\n\t<meta name=\"twitter:data2\" content=\"4\u00a0Minuten\" \/>\n<script type=\"application\/ld+json\" class=\"yoast-schema-graph\">{\"@context\":\"https:\/\/schema.org\",\"@graph\":[{\"@type\":\"Article\",\"@id\":\"https:\/\/www.ferrantinet.de\/blog\/hundehuette-fuer-franzoesische-bulldoggen\/#article\",\"isPartOf\":{\"@id\":\"https:\/\/www.ferrantinet.de\/blog\/hundehuette-fuer-franzoesische-bulldoggen\/\"},\"author\":{\"name\":\"alessandro\",\"@id\":\"https:\/\/www.ferrantinet.de\/blog\/#\/schema\/person\/7e5e4af5bffa52f4620fcd53f812ec73\"},\"headline\":\"Hundeh\u00fctte f\u00fcr franz\u00f6sische Bulldoggen\",\"datePublished\":\"2024-08-08T09:45:22+00:00\",\"dateModified\":\"2025-11-24T11:00:44+00:00\",\"mainEntityOfPage\":{\"@id\":\"https:\/\/www.ferrantinet.de\/blog\/hundehuette-fuer-franzoesische-bulldoggen\/\"},\"wordCount\":718,\"publisher\":{\"@id\":\"https:\/\/www.ferrantinet.de\/blog\/#organization\"},\"image\":{\"@id\":\"https:\/\/www.ferrantinet.de\/blog\/hundehuette-fuer-franzoesische-bulldoggen\/#primaryimage\"},\"thumbnailUrl\":\"https:\/\/www.ferrantinet.de\/blog\/wp-content\/uploads\/2024\/08\/Hundehuette-fuer-franzoesische-Bulldoggen.jpg\",\"articleSection\":[\"Blog\"],\"inLanguage\":\"de\"},{\"@type\":\"WebPage\",\"@id\":\"https:\/\/www.ferrantinet.de\/blog\/hundehuette-fuer-franzoesische-bulldoggen\/\",\"url\":\"https:\/\/www.ferrantinet.de\/blog\/hundehuette-fuer-franzoesische-bulldoggen\/\",\"name\":\"Hundeh\u00fctte f\u00fcr franz\u00f6sische Bulldoggen: Modell | Ferranti\",\"isPartOf\":{\"@id\":\"https:\/\/www.ferrantinet.de\/blog\/#website\"},\"primaryImageOfPage\":{\"@id\":\"https:\/\/www.ferrantinet.de\/blog\/hundehuette-fuer-franzoesische-bulldoggen\/#primaryimage\"},\"image\":{\"@id\":\"https:\/\/www.ferrantinet.de\/blog\/hundehuette-fuer-franzoesische-bulldoggen\/#primaryimage\"},\"thumbnailUrl\":\"https:\/\/www.ferrantinet.de\/blog\/wp-content\/uploads\/2024\/08\/Hundehuette-fuer-franzoesische-Bulldoggen.jpg\",\"datePublished\":\"2024-08-08T09:45:22+00:00\",\"dateModified\":\"2025-11-24T11:00:44+00:00\",\"description\":\"Hundeh\u00fctte f\u00fcr franz\u00f6sische Bulldoggen: richtige Gr\u00f6\u00dfe, wetterfeste Materialien und komfortable Gestaltung f\u00fcr eine sichere Outdoor-Nutzung.\",\"breadcrumb\":{\"@id\":\"https:\/\/www.ferrantinet.de\/blog\/hundehuette-fuer-franzoesische-bulldoggen\/#breadcrumb\"},\"inLanguage\":\"de\",\"potentialAction\":[{\"@type\":\"ReadAction\",\"target\":[\"https:\/\/www.ferrantinet.de\/blog\/hundehuette-fuer-franzoesische-bulldoggen\/\"]}]},{\"@type\":\"ImageObject\",\"inLanguage\":\"de\",\"@id\":\"https:\/\/www.ferrantinet.de\/blog\/hundehuette-fuer-franzoesische-bulldoggen\/#primaryimage\",\"url\":\"https:\/\/www.ferrantinet.de\/blog\/wp-content\/uploads\/2024\/08\/Hundehuette-fuer-franzoesische-Bulldoggen.jpg\",\"contentUrl\":\"https:\/\/www.ferrantinet.de\/blog\/wp-content\/uploads\/2024\/08\/Hundehuette-fuer-franzoesische-Bulldoggen.jpg\",\"width\":1151,\"height\":574},{\"@type\":\"BreadcrumbList\",\"@id\":\"https:\/\/www.ferrantinet.de\/blog\/hundehuette-fuer-franzoesische-bulldoggen\/#breadcrumb\",\"itemListElement\":[{\"@type\":\"ListItem\",\"position\":1,\"name\":\"Home\",\"item\":\"https:\/\/www.ferrantinet.de\/blog\/\"},{\"@type\":\"ListItem\",\"position\":2,\"name\":\"Hundeh\u00fctte f\u00fcr franz\u00f6sische Bulldoggen\"}]},{\"@type\":\"WebSite\",\"@id\":\"https:\/\/www.ferrantinet.de\/blog\/#website\",\"url\":\"https:\/\/www.ferrantinet.de\/blog\/\",\"name\":\"https:\/\/www.ferrantinet.de\/\",\"description\":\"\",\"publisher\":{\"@id\":\"https:\/\/www.ferrantinet.de\/blog\/#organization\"},\"potentialAction\":[{\"@type\":\"SearchAction\",\"target\":{\"@type\":\"EntryPoint\",\"urlTemplate\":\"https:\/\/www.ferrantinet.de\/blog\/?s={search_term_string}\"},\"query-input\":{\"@type\":\"PropertyValueSpecification\",\"valueRequired\":true,\"valueName\":\"search_term_string\"}}],\"inLanguage\":\"de\"},{\"@type\":\"Organization\",\"@id\":\"https:\/\/www.ferrantinet.de\/blog\/#organization\",\"name\":\"Ferranti srl unipersonale\",\"url\":\"https:\/\/www.ferrantinet.de\/blog\/\",\"logo\":{\"@type\":\"ImageObject\",\"inLanguage\":\"de\",\"@id\":\"https:\/\/www.ferrantinet.de\/blog\/#\/schema\/logo\/image\/\",\"url\":\"https:\/\/www.ferrantinet.de\/blog\/wp-content\/uploads\/2025\/11\/logo-tedesco-quadro.jpg\",\"contentUrl\":\"https:\/\/www.ferrantinet.de\/blog\/wp-content\/uploads\/2025\/11\/logo-tedesco-quadro.jpg\",\"width\":265,\"height\":265,\"caption\":\"Ferranti srl unipersonale\"},\"image\":{\"@id\":\"https:\/\/www.ferrantinet.de\/blog\/#\/schema\/logo\/image\/\"},\"sameAs\":[\"https:\/\/www.facebook.com\/ferrantinet.de\/\",\"https:\/\/x.com\/FerrantiDach\"]},{\"@type\":\"Person\",\"@id\":\"https:\/\/www.ferrantinet.de\/blog\/#\/schema\/person\/7e5e4af5bffa52f4620fcd53f812ec73\",\"name\":\"alessandro\",\"image\":{\"@type\":\"ImageObject\",\"inLanguage\":\"de\",\"@id\":\"https:\/\/www.ferrantinet.de\/blog\/#\/schema\/person\/image\/\",\"url\":\"https:\/\/secure.gravatar.com\/avatar\/0fcb499242739e48b09b4460894594ee829f25fc0e5299346e6914f734f740f4?s=96&d=mm&r=g\",\"contentUrl\":\"https:\/\/secure.gravatar.com\/avatar\/0fcb499242739e48b09b4460894594ee829f25fc0e5299346e6914f734f740f4?s=96&d=mm&r=g\",\"caption\":\"alessandro\"},\"sameAs\":[\"https:\/\/www.ferrantinet.de\/blog\"]}]}<\/script>\n<!-- \/ Yoast SEO plugin. -->","yoast_head_json":{"title":"Hundeh\u00fctte f\u00fcr franz\u00f6sische Bulldoggen: Modell | Ferranti","description":"Hundeh\u00fctte f\u00fcr franz\u00f6sische Bulldoggen: richtige Gr\u00f6\u00dfe, wetterfeste Materialien und komfortable Gestaltung f\u00fcr eine sichere Outdoor-Nutzung.","robots":{"index":"index","follow":"follow","max-snippet":"max-snippet:-1","max-image-preview":"max-image-preview:large","max-video-preview":"max-video-preview:-1"},"canonical":"https:\/\/www.ferrantinet.de\/blog\/hundehuette-fuer-franzoesische-bulldoggen\/","og_locale":"de_DE","og_type":"article","og_title":"Hundeh\u00fctte f\u00fcr franz\u00f6sische Bulldoggen: Modell | Ferranti","og_description":"Hundeh\u00fctte f\u00fcr franz\u00f6sische Bulldoggen: richtige Gr\u00f6\u00dfe, wetterfeste Materialien und komfortable Gestaltung f\u00fcr eine sichere Outdoor-Nutzung.","og_url":"https:\/\/www.ferrantinet.de\/blog\/hundehuette-fuer-franzoesische-bulldoggen\/","og_site_name":"Ferranti Blog DE","article_publisher":"https:\/\/www.facebook.com\/ferrantinet.de\/","article_published_time":"2024-08-08T09:45:22+00:00","article_modified_time":"2025-11-24T11:00:44+00:00","og_image":[{"width":1151,"height":574,"url":"https:\/\/www.ferrantinet.de\/blog\/wp-content\/uploads\/2024\/08\/Hundehuette-fuer-franzoesische-Bulldoggen.jpg","type":"image\/jpeg"}],"author":"alessandro","twitter_card":"summary_large_image","twitter_creator":"@FerrantiDach","twitter_site":"@FerrantiDach","twitter_misc":{"Verfasst von":"alessandro","Gesch\u00e4tzte Lesezeit":"4\u00a0Minuten"},"schema":{"@context":"https:\/\/schema.org","@graph":[{"@type":"Article","@id":"https:\/\/www.ferrantinet.de\/blog\/hundehuette-fuer-franzoesische-bulldoggen\/#article","isPartOf":{"@id":"https:\/\/www.ferrantinet.de\/blog\/hundehuette-fuer-franzoesische-bulldoggen\/"},"author":{"name":"alessandro","@id":"https:\/\/www.ferrantinet.de\/blog\/#\/schema\/person\/7e5e4af5bffa52f4620fcd53f812ec73"},"headline":"Hundeh\u00fctte f\u00fcr franz\u00f6sische Bulldoggen","datePublished":"2024-08-08T09:45:22+00:00","dateModified":"2025-11-24T11:00:44+00:00","mainEntityOfPage":{"@id":"https:\/\/www.ferrantinet.de\/blog\/hundehuette-fuer-franzoesische-bulldoggen\/"},"wordCount":718,"publisher":{"@id":"https:\/\/www.ferrantinet.de\/blog\/#organization"},"image":{"@id":"https:\/\/www.ferrantinet.de\/blog\/hundehuette-fuer-franzoesische-bulldoggen\/#primaryimage"},"thumbnailUrl":"https:\/\/www.ferrantinet.de\/blog\/wp-content\/uploads\/2024\/08\/Hundehuette-fuer-franzoesische-Bulldoggen.jpg","articleSection":["Blog"],"inLanguage":"de"},{"@type":"WebPage","@id":"https:\/\/www.ferrantinet.de\/blog\/hundehuette-fuer-franzoesische-bulldoggen\/","url":"https:\/\/www.ferrantinet.de\/blog\/hundehuette-fuer-franzoesische-bulldoggen\/","name":"Hundeh\u00fctte f\u00fcr franz\u00f6sische Bulldoggen: Modell | Ferranti","isPartOf":{"@id":"https:\/\/www.ferrantinet.de\/blog\/#website"},"primaryImageOfPage":{"@id":"https:\/\/www.ferrantinet.de\/blog\/hundehuette-fuer-franzoesische-bulldoggen\/#primaryimage"},"image":{"@id":"https:\/\/www.ferrantinet.de\/blog\/hundehuette-fuer-franzoesische-bulldoggen\/#primaryimage"},"thumbnailUrl":"https:\/\/www.ferrantinet.de\/blog\/wp-content\/uploads\/2024\/08\/Hundehuette-fuer-franzoesische-Bulldoggen.jpg","datePublished":"2024-08-08T09:45:22+00:00","dateModified":"2025-11-24T11:00:44+00:00","description":"Hundeh\u00fctte f\u00fcr franz\u00f6sische Bulldoggen: richtige Gr\u00f6\u00dfe, wetterfeste Materialien und komfortable Gestaltung f\u00fcr eine sichere Outdoor-Nutzung.","breadcrumb":{"@id":"https:\/\/www.ferrantinet.de\/blog\/hundehuette-fuer-franzoesische-bulldoggen\/#breadcrumb"},"inLanguage":"de","potentialAction":[{"@type":"ReadAction","target":["https:\/\/www.ferrantinet.de\/blog\/hundehuette-fuer-franzoesische-bulldoggen\/"]}]},{"@type":"ImageObject","inLanguage":"de","@id":"https:\/\/www.ferrantinet.de\/blog\/hundehuette-fuer-franzoesische-bulldoggen\/#primaryimage","url":"https:\/\/www.ferrantinet.de\/blog\/wp-content\/uploads\/2024\/08\/Hundehuette-fuer-franzoesische-Bulldoggen.jpg","contentUrl":"https:\/\/www.ferrantinet.de\/blog\/wp-content\/uploads\/2024\/08\/Hundehuette-fuer-franzoesische-Bulldoggen.jpg","width":1151,"height":574},{"@type":"BreadcrumbList","@id":"https:\/\/www.ferrantinet.de\/blog\/hundehuette-fuer-franzoesische-bulldoggen\/#breadcrumb","itemListElement":[{"@type":"ListItem","position":1,"name":"Home","item":"https:\/\/www.ferrantinet.de\/blog\/"},{"@type":"ListItem","position":2,"name":"Hundeh\u00fctte f\u00fcr franz\u00f6sische Bulldoggen"}]},{"@type":"WebSite","@id":"https:\/\/www.ferrantinet.de\/blog\/#website","url":"https:\/\/www.ferrantinet.de\/blog\/","name":"https:\/\/www.ferrantinet.de\/","description":"","publisher":{"@id":"https:\/\/www.ferrantinet.de\/blog\/#organization"},"potentialAction":[{"@type":"SearchAction","target":{"@type":"EntryPoint","urlTemplate":"https:\/\/www.ferrantinet.de\/blog\/?s={search_term_string}"},"query-input":{"@type":"PropertyValueSpecification","valueRequired":true,"valueName":"search_term_string"}}],"inLanguage":"de"},{"@type":"Organization","@id":"https:\/\/www.ferrantinet.de\/blog\/#organization","name":"Ferranti srl unipersonale","url":"https:\/\/www.ferrantinet.de\/blog\/","logo":{"@type":"ImageObject","inLanguage":"de","@id":"https:\/\/www.ferrantinet.de\/blog\/#\/schema\/logo\/image\/","url":"https:\/\/www.ferrantinet.de\/blog\/wp-content\/uploads\/2025\/11\/logo-tedesco-quadro.jpg","contentUrl":"https:\/\/www.ferrantinet.de\/blog\/wp-content\/uploads\/2025\/11\/logo-tedesco-quadro.jpg","width":265,"height":265,"caption":"Ferranti srl unipersonale"},"image":{"@id":"https:\/\/www.ferrantinet.de\/blog\/#\/schema\/logo\/image\/"},"sameAs":["https:\/\/www.facebook.com\/ferrantinet.de\/","https:\/\/x.com\/FerrantiDach"]},{"@type":"Person","@id":"https:\/\/www.ferrantinet.de\/blog\/#\/schema\/person\/7e5e4af5bffa52f4620fcd53f812ec73","name":"alessandro","image":{"@type":"ImageObject","inLanguage":"de","@id":"https:\/\/www.ferrantinet.de\/blog\/#\/schema\/person\/image\/","url":"https:\/\/secure.gravatar.com\/avatar\/0fcb499242739e48b09b4460894594ee829f25fc0e5299346e6914f734f740f4?s=96&d=mm&r=g","contentUrl":"https:\/\/secure.gravatar.com\/avatar\/0fcb499242739e48b09b4460894594ee829f25fc0e5299346e6914f734f740f4?s=96&d=mm&r=g","caption":"alessandro"},"sameAs":["https:\/\/www.ferrantinet.de\/blog"]}]}},"_links":{"self":[{"href":"https:\/\/www.ferrantinet.de\/blog\/wp-json\/wp\/v2\/posts\/441","targetHints":{"allow":["GET"]}}],"collection":[{"href":"https:\/\/www.ferrantinet.de\/blog\/wp-json\/wp\/v2\/posts"}],"about":[{"href":"https:\/\/www.ferrantinet.de\/blog\/wp-json\/wp\/v2\/types\/post"}],"author":[{"embeddable":true,"href":"https:\/\/www.ferrantinet.de\/blog\/wp-json\/wp\/v2\/users\/1"}],"replies":[{"embeddable":true,"href":"https:\/\/www.ferrantinet.de\/blog\/wp-json\/wp\/v2\/comments?post=441"}],"version-history":[{"count":4,"href":"https:\/\/www.ferrantinet.de\/blog\/wp-json\/wp\/v2\/posts\/441\/revisions"}],"predecessor-version":[{"id":451,"href":"https:\/\/www.ferrantinet.de\/blog\/wp-json\/wp\/v2\/posts\/441\/revisions\/451"}],"wp:featuredmedia":[{"embeddable":true,"href":"https:\/\/www.ferrantinet.de\/blog\/wp-json\/wp\/v2\/media\/442"}],"wp:attachment":[{"href":"https:\/\/www.ferrantinet.de\/blog\/wp-json\/wp\/v2\/media?parent=441"}],"wp:term":[{"taxonomy":"category","embeddable":true,"href":"https:\/\/www.ferrantinet.de\/blog\/wp-json\/wp\/v2\/categories?post=441"},{"taxonomy":"post_tag","embeddable":true,"href":"https:\/\/www.ferrantinet.de\/blog\/wp-json\/wp\/v2\/tags?post=441"}],"curies":[{"name":"wp","href":"https:\/\/api.w.org\/{rel}","templated":true}]}}