{"id":226,"date":"2024-03-18T10:37:34","date_gmt":"2024-03-18T09:37:34","guid":{"rendered":"https:\/\/www.ferrantinet.de\/blog\/?p=226"},"modified":"2024-04-16T10:55:21","modified_gmt":"2024-04-16T08:55:21","slug":"hundehuette-fuer-berner-sennenhund","status":"publish","type":"post","link":"https:\/\/www.ferrantinet.de\/blog\/hundehuette-fuer-berner-sennenhund\/","title":{"rendered":"Hundeh\u00fctte f\u00fcr Berner Sennenhund"},"content":{"rendered":"\n<p class=\"wp-block-paragraph\">Suchen Sie einen Hundeplatz f\u00fcr Ihren Berner Sennenhund? Dann sind Sie hier genau richtig. In diesem Artikel erkl\u00e4re ich Ihnen, wie Sie die beste Wahl f\u00fcr diesen gro\u00dfen Hund treffen, indem Sie sowohl seine Gr\u00f6\u00dfe als auch sein Temperament ber\u00fccksichtigen.<\/p>\n\n\n\n<p class=\"wp-block-paragraph\">Der Berner Sennenhund kann bis zu 90 kg wiegen und ist damit ein mittelgro\u00dfer bis gro\u00dfer Hund. Der Berner Sennenhund hat eine Lebenserwartung von etwa 10 Jahren. Achten Sie also darauf, dass Sie eine langlebige Hundeh\u00fctte kaufen, die ihm einen sicheren Platz zum Schlafen, Spielen und Verstecken bietet.<\/p>\n\n\n\n<p class=\"wp-block-paragraph\">F\u00fcr Ihren pelzigen Freund k\u00f6nnen Sie sich f\u00fcr Betten, K\u00f6rbe oder traditionelle Hundeh\u00fctten entscheiden. Entdecken Sie alle M\u00f6glichkeiten.<\/p>\n\n\n\n<p class=\"wp-block-paragraph\">Zuerst m\u00fcssen Sie sich entscheiden: Innen- oder Au\u00dfenh\u00fctte? Wenn Sie einen Garten haben, ist es besser, die Hundeh\u00fctte f\u00fcr gro\u00dfe Hunde drau\u00dfen aufzustellen. Wenn Sie jedoch keinen Platz im Freien haben, bleibt Ihnen nur die M\u00f6glichkeit, eine Hundeh\u00fctte f\u00fcr gro\u00dfe Hunde im Haus aufzustellen, allerdings mit einigen Einschr\u00e4nkungen.<\/p>\n\n\n\n<div class=\"wp-block-columns is-layout-flex wp-container-core-columns-is-layout-8f761849 wp-block-columns-is-layout-flex\">\n<div class=\"wp-block-column is-layout-flow wp-block-column-is-layout-flow\" style=\"flex-basis:33.33%\">\n<figure class=\"wp-block-image size-full\"><img loading=\"lazy\" decoding=\"async\" width=\"853\" height=\"853\" src=\"https:\/\/www.ferrantinet.de\/blog\/wp-content\/uploads\/2024\/03\/Hundehuette-fuer-Berner-Sennenhund.webp\" alt=\"\" class=\"wp-image-231\" srcset=\"https:\/\/www.ferrantinet.de\/blog\/wp-content\/uploads\/2024\/03\/Hundehuette-fuer-Berner-Sennenhund.webp 853w, https:\/\/www.ferrantinet.de\/blog\/wp-content\/uploads\/2024\/03\/Hundehuette-fuer-Berner-Sennenhund-300x300.webp 300w, https:\/\/www.ferrantinet.de\/blog\/wp-content\/uploads\/2024\/03\/Hundehuette-fuer-Berner-Sennenhund-150x150.webp 150w, https:\/\/www.ferrantinet.de\/blog\/wp-content\/uploads\/2024\/03\/Hundehuette-fuer-Berner-Sennenhund-768x768.webp 768w\" sizes=\"auto, (max-width: 853px) 100vw, 853px\" \/><\/figure>\n<\/div>\n\n\n\n<div class=\"wp-block-column is-layout-flow wp-block-column-is-layout-flow\" style=\"flex-basis:66.66%\">\n<h2 class=\"wp-block-heading\">Wie w\u00e4hlt man die Gr\u00f6\u00dfe einer H\u00fctte f\u00fcr einen Berner Sennehund?<\/h2>\n\n\n\n<p class=\"wp-block-paragraph\">Unabh\u00e4ngig davon, ob Sie sich f\u00fcr ein K\u00f6rbchen oder eine Hundeh\u00fctte entscheiden, w\u00e4hlen Sie die Gr\u00f6\u00dfe sorgf\u00e4ltig aus. Eine zu kleine oder zu gro\u00dfe Hundeh\u00fctte bietet Ihrem Hund keine ruhige und komfortable Umgebung.<br>Wenn Sie sich f\u00fcr ein K\u00f6rbchen entscheiden, das f\u00fcr Welpen oder kleine Hunde geeignet ist, achten Sie darauf, dass die Seitenw\u00e4nde hoch sind, damit sich der Hund besser gesch\u00fctzt f\u00fchlt. Sie k\u00f6nnen auch eine Matte ohne Seitenw\u00e4nde w\u00e4hlen, wenn sie gro\u00df genug ist. Wenn der Hund gewachsen ist und seine maximale Gr\u00f6\u00dfe erreicht hat, k\u00f6nnen Sie die am besten geeignete Hundeh\u00fctte ausw\u00e4hlen.<\/p>\n<\/div>\n<\/div>\n\n\n\n<div class=\"wp-block-columns is-layout-flex wp-container-core-columns-is-layout-8f761849 wp-block-columns-is-layout-flex\">\n<div class=\"wp-block-column is-layout-flow wp-block-column-is-layout-flow\" style=\"flex-basis:66.66%\">\n<h2 class=\"wp-block-heading\"><strong>Welches Material soll f\u00fcr die H\u00fctte f\u00fcr die Berner Sennenhunde gew\u00e4hlt werden?<\/strong><\/h2>\n\n\n\n<p class=\"wp-block-paragraph\">Auch das Material sollte mit Bedacht gew\u00e4hlt werden. Ist Ihr Hund sehr lebhaft und knabbert gerne an allem, was ihm vor die Nase kommt? Dann sollten Materialien wie Leder und Stoff vermieden werden.<\/p>\n\n\n\n<p class=\"wp-block-paragraph\">Kunststoff ist leicht zu reinigen und widerstandsf\u00e4higer gegen Sch\u00e4dlinge. Es ist nicht das bequemste Material, aber Sie k\u00f6nnen es mit Kissen und Decken gem\u00fctlicher machen. Weidenk\u00f6rbe sollten vermieden werden, da das Material sehr empfindlich ist und leicht bricht. Der Hund k\u00f6nnte die Bruchst\u00fccke verschlucken und ersticken.<\/p>\n\n\n\n<p class=\"wp-block-paragraph\">Die Holzh\u00fctte f\u00fcr den Berner Sennenhund ist eine ausgezeichnete L\u00f6sung, auch wenn sie nicht zu den billigsten geh\u00f6rt. Sie ist jedoch eine der stabilsten und langlebigsten und verf\u00fcgt \u00fcber hervorragende Isolationseigenschaften.<\/p>\n<\/div>\n\n\n\n<div class=\"wp-block-column is-layout-flow wp-block-column-is-layout-flow\" style=\"flex-basis:33.33%\">\n<figure class=\"wp-block-image size-full\"><img loading=\"lazy\" decoding=\"async\" width=\"853\" height=\"853\" src=\"https:\/\/www.ferrantinet.de\/blog\/wp-content\/uploads\/2024\/03\/Hundehuette-fuer-Berner-Sennenhund01.webp\" alt=\"\" class=\"wp-image-232\" srcset=\"https:\/\/www.ferrantinet.de\/blog\/wp-content\/uploads\/2024\/03\/Hundehuette-fuer-Berner-Sennenhund01.webp 853w, https:\/\/www.ferrantinet.de\/blog\/wp-content\/uploads\/2024\/03\/Hundehuette-fuer-Berner-Sennenhund01-300x300.webp 300w, https:\/\/www.ferrantinet.de\/blog\/wp-content\/uploads\/2024\/03\/Hundehuette-fuer-Berner-Sennenhund01-150x150.webp 150w, https:\/\/www.ferrantinet.de\/blog\/wp-content\/uploads\/2024\/03\/Hundehuette-fuer-Berner-Sennenhund01-768x768.webp 768w\" sizes=\"auto, (max-width: 853px) 100vw, 853px\" \/><\/figure>\n<\/div>\n<\/div>\n\n\n\n<h2 class=\"wp-block-heading\">Indoor- oder Outdoor-H\u00fctte f\u00fcr den Berner Sennenhund<\/h2>\n\n\n\n<p class=\"wp-block-paragraph\">Haben Sie sich entschieden, die Hundeh\u00fctte im Haus aufzustellen? Dann stellen Sie sie nicht an begehbaren Stellen auf, sondern w\u00e4hlen Sie gesch\u00fctzte Pl\u00e4tze, an denen der Hund ungest\u00f6rt ruhen kann. Wenn Kinder im Haus sind, erziehen Sie sie zum Zusammenleben mit dem Hund.<\/p>\n\n\n\n<p class=\"wp-block-paragraph\">Es ist besser, die Zimmert\u00fcren f\u00fcr den Hund nicht zu \u00f6ffnen. Der Berner Sennenhund ist sehr anh\u00e4nglich und h\u00e4ngt sehr an seiner Familie. Es besteht daher die Gefahr, dass er eine \u00fcberm\u00e4\u00dfige Anh\u00e4nglichkeit entwickelt, die zu Trennungsangst f\u00fchrt. Er kann grundlos bellen und alles zerst\u00f6ren, was sich in seiner Reichweite befindet, wenn er sich daran gew\u00f6hnt hat, R\u00e4ume zu betreten, und es ihm dann verboten wird.<\/p>\n\n\n\n<p class=\"wp-block-paragraph\">Auf jeden Fall hat der Berner Sennenhund ein dichtes Fell, das ihn hervorragend vor Witterungseinfl\u00fcssen sch\u00fctzt. Er kann also ruhig drau\u00dfen schlafen, wenn Sie einen Garten zur Verf\u00fcgung haben.<\/p>\n\n\n\n<p class=\"wp-block-paragraph\">Die beste L\u00f6sung f\u00fcr den Au\u00dfenbereich ist zweifellos eine Holzh\u00fctte, die eine hohe Isolierf\u00e4higkeit besitzt, um die Umgebung im Winter warm und im Sommer k\u00fchl zu halten. Kunststoff und PVC sind zwar leicht und einfach zu reinigen, haben aber keine gute D\u00e4mmwirkung. Es ist daher besser, diese Materialien in Innenr\u00e4umen als im Freien zu verwenden.<\/p>\n\n\n\n<p class=\"wp-block-paragraph\">F\u00fcr Welpen und junge Hunde sollten isolierte oder beheizte H\u00fctten verwendet werden. Um die Leistung zu optimieren, k\u00f6nnen F\u00fc\u00dfe unter dem Boden der H\u00fctte angebracht werden, um die H\u00fctte \u00fcber dem Boden zu halten. Dies verbessert nicht nur die Isolierung, sondern h\u00e4lt auch Insekten fern. Ein schr\u00e4ges Dach kann eine gute L\u00f6sung sein, wenn Sie in einer Gegend mit viel Regen leben, damit das Regenwasser gut abflie\u00dfen kann.<\/p>\n\n\n\n<p class=\"wp-block-paragraph\"><strong>Werfen Sie einen Blick in unser Hundeh\u00fctten&#8230;<\/strong><\/p>\n\n\n\n<p class=\"wp-block-paragraph\">In unserem Shop finden Sie verschiedene L\u00f6sungen f\u00fcr Ihre Hundeh\u00fctte. Wir fertigen auch ma\u00dfgeschneiderte Produkte f\u00fcr Ihren vierbeinigen Freund!<\/p>\n\n\n\n<div class=\"wp-block-buttons is-layout-flex wp-block-buttons-is-layout-flex\">\n<div class=\"wp-block-button\"><a class=\"wp-block-button__link wp-element-button\" href=\"https:\/\/www.ferrantinet.de\/8-hundehutten\"><strong>SHOP ENTDECKEN<\/strong><\/a><\/div>\n<\/div>\n","protected":false},"excerpt":{"rendered":"<p>Suchen Sie einen Hundeplatz f\u00fcr Ihren Berner Sennenhund? Dann sind Sie hier genau richtig. In diesem Artikel erkl\u00e4re ich Ihnen, wie Sie die beste Wahl f\u00fcr diesen gro\u00dfen Hund treffen, indem Sie sowohl seine Gr\u00f6\u00dfe als auch sein Temperament ber\u00fccksichtigen. Der Berner Sennenhund kann bis zu 90 kg wiegen und ist damit ein mittelgro\u00dfer bis [&hellip;]<\/p>\n","protected":false},"author":1,"featured_media":229,"comment_status":"closed","ping_status":"closed","sticky":false,"template":"","format":"standard","meta":{"footnotes":""},"categories":[1],"tags":[],"class_list":["post-226","post","type-post","status-publish","format-standard","has-post-thumbnail","hentry","category-blog"],"yoast_head":"<!-- This site is optimized with the Yoast SEO plugin v26.5 - https:\/\/yoast.com\/wordpress\/plugins\/seo\/ -->\n<title>Hundeh\u00fctte f\u00fcr Berner Sennenhund - Ferranti Blog DE<\/title>\n<meta name=\"description\" content=\"Suchen Sie einen Hundeplatz f\u00fcr Ihren Berner Sennenhund? In diesem Artikel erkl\u00e4re ich Ihnen, wie Sie die beste Wahl f\u00fcr diesen gro\u00dfen Hund treffen.\" \/>\n<meta name=\"robots\" content=\"index, follow, max-snippet:-1, max-image-preview:large, max-video-preview:-1\" \/>\n<link rel=\"canonical\" href=\"https:\/\/www.ferrantinet.de\/blog\/hundehuette-fuer-berner-sennenhund\/\" \/>\n<meta property=\"og:locale\" content=\"de_DE\" \/>\n<meta property=\"og:type\" content=\"article\" \/>\n<meta property=\"og:title\" content=\"Hundeh\u00fctte f\u00fcr Berner Sennenhund - Ferranti Blog DE\" \/>\n<meta property=\"og:description\" content=\"Suchen Sie einen Hundeplatz f\u00fcr Ihren Berner Sennenhund? In diesem Artikel erkl\u00e4re ich Ihnen, wie Sie die beste Wahl f\u00fcr diesen gro\u00dfen Hund treffen.\" \/>\n<meta property=\"og:url\" content=\"https:\/\/www.ferrantinet.de\/blog\/hundehuette-fuer-berner-sennenhund\/\" \/>\n<meta property=\"og:site_name\" content=\"Ferranti Blog DE\" \/>\n<meta property=\"article:publisher\" content=\"https:\/\/www.facebook.com\/ferrantinet.de\/\" \/>\n<meta property=\"article:published_time\" content=\"2024-03-18T09:37:34+00:00\" \/>\n<meta property=\"article:modified_time\" content=\"2024-04-16T08:55:21+00:00\" \/>\n<meta property=\"og:image\" content=\"https:\/\/www.ferrantinet.de\/blog\/wp-content\/uploads\/2024\/03\/bovaro-del-bernese-1.jpg\" \/>\n\t<meta property=\"og:image:width\" content=\"1191\" \/>\n\t<meta property=\"og:image:height\" content=\"574\" \/>\n\t<meta property=\"og:image:type\" content=\"image\/jpeg\" \/>\n<meta name=\"author\" content=\"alessandro\" \/>\n<meta name=\"twitter:card\" content=\"summary_large_image\" \/>\n<meta name=\"twitter:creator\" content=\"@FerrantiDach\" \/>\n<meta name=\"twitter:site\" content=\"@FerrantiDach\" \/>\n<meta name=\"twitter:label1\" content=\"Verfasst von\" \/>\n\t<meta name=\"twitter:data1\" content=\"alessandro\" \/>\n\t<meta name=\"twitter:label2\" content=\"Gesch\u00e4tzte Lesezeit\" \/>\n\t<meta name=\"twitter:data2\" content=\"5\u00a0Minuten\" \/>\n<script type=\"application\/ld+json\" class=\"yoast-schema-graph\">{\"@context\":\"https:\/\/schema.org\",\"@graph\":[{\"@type\":\"Article\",\"@id\":\"https:\/\/www.ferrantinet.de\/blog\/hundehuette-fuer-berner-sennenhund\/#article\",\"isPartOf\":{\"@id\":\"https:\/\/www.ferrantinet.de\/blog\/hundehuette-fuer-berner-sennenhund\/\"},\"author\":{\"name\":\"alessandro\",\"@id\":\"https:\/\/www.ferrantinet.de\/blog\/#\/schema\/person\/7e5e4af5bffa52f4620fcd53f812ec73\"},\"headline\":\"Hundeh\u00fctte f\u00fcr Berner Sennenhund\",\"datePublished\":\"2024-03-18T09:37:34+00:00\",\"dateModified\":\"2024-04-16T08:55:21+00:00\",\"mainEntityOfPage\":{\"@id\":\"https:\/\/www.ferrantinet.de\/blog\/hundehuette-fuer-berner-sennenhund\/\"},\"wordCount\":797,\"publisher\":{\"@id\":\"https:\/\/www.ferrantinet.de\/blog\/#organization\"},\"image\":{\"@id\":\"https:\/\/www.ferrantinet.de\/blog\/hundehuette-fuer-berner-sennenhund\/#primaryimage\"},\"thumbnailUrl\":\"https:\/\/www.ferrantinet.de\/blog\/wp-content\/uploads\/2024\/03\/bovaro-del-bernese-1.jpg\",\"articleSection\":[\"Blog\"],\"inLanguage\":\"de\"},{\"@type\":\"WebPage\",\"@id\":\"https:\/\/www.ferrantinet.de\/blog\/hundehuette-fuer-berner-sennenhund\/\",\"url\":\"https:\/\/www.ferrantinet.de\/blog\/hundehuette-fuer-berner-sennenhund\/\",\"name\":\"Hundeh\u00fctte f\u00fcr Berner Sennenhund - Ferranti Blog DE\",\"isPartOf\":{\"@id\":\"https:\/\/www.ferrantinet.de\/blog\/#website\"},\"primaryImageOfPage\":{\"@id\":\"https:\/\/www.ferrantinet.de\/blog\/hundehuette-fuer-berner-sennenhund\/#primaryimage\"},\"image\":{\"@id\":\"https:\/\/www.ferrantinet.de\/blog\/hundehuette-fuer-berner-sennenhund\/#primaryimage\"},\"thumbnailUrl\":\"https:\/\/www.ferrantinet.de\/blog\/wp-content\/uploads\/2024\/03\/bovaro-del-bernese-1.jpg\",\"datePublished\":\"2024-03-18T09:37:34+00:00\",\"dateModified\":\"2024-04-16T08:55:21+00:00\",\"description\":\"Suchen Sie einen Hundeplatz f\u00fcr Ihren Berner Sennenhund? In diesem Artikel erkl\u00e4re ich Ihnen, wie Sie die beste Wahl f\u00fcr diesen gro\u00dfen Hund treffen.\",\"breadcrumb\":{\"@id\":\"https:\/\/www.ferrantinet.de\/blog\/hundehuette-fuer-berner-sennenhund\/#breadcrumb\"},\"inLanguage\":\"de\",\"potentialAction\":[{\"@type\":\"ReadAction\",\"target\":[\"https:\/\/www.ferrantinet.de\/blog\/hundehuette-fuer-berner-sennenhund\/\"]}]},{\"@type\":\"ImageObject\",\"inLanguage\":\"de\",\"@id\":\"https:\/\/www.ferrantinet.de\/blog\/hundehuette-fuer-berner-sennenhund\/#primaryimage\",\"url\":\"https:\/\/www.ferrantinet.de\/blog\/wp-content\/uploads\/2024\/03\/bovaro-del-bernese-1.jpg\",\"contentUrl\":\"https:\/\/www.ferrantinet.de\/blog\/wp-content\/uploads\/2024\/03\/bovaro-del-bernese-1.jpg\",\"width\":1191,\"height\":574},{\"@type\":\"BreadcrumbList\",\"@id\":\"https:\/\/www.ferrantinet.de\/blog\/hundehuette-fuer-berner-sennenhund\/#breadcrumb\",\"itemListElement\":[{\"@type\":\"ListItem\",\"position\":1,\"name\":\"Home\",\"item\":\"https:\/\/www.ferrantinet.de\/blog\/\"},{\"@type\":\"ListItem\",\"position\":2,\"name\":\"Hundeh\u00fctte f\u00fcr Berner Sennenhund\"}]},{\"@type\":\"WebSite\",\"@id\":\"https:\/\/www.ferrantinet.de\/blog\/#website\",\"url\":\"https:\/\/www.ferrantinet.de\/blog\/\",\"name\":\"https:\/\/www.ferrantinet.de\/\",\"description\":\"\",\"publisher\":{\"@id\":\"https:\/\/www.ferrantinet.de\/blog\/#organization\"},\"potentialAction\":[{\"@type\":\"SearchAction\",\"target\":{\"@type\":\"EntryPoint\",\"urlTemplate\":\"https:\/\/www.ferrantinet.de\/blog\/?s={search_term_string}\"},\"query-input\":{\"@type\":\"PropertyValueSpecification\",\"valueRequired\":true,\"valueName\":\"search_term_string\"}}],\"inLanguage\":\"de\"},{\"@type\":\"Organization\",\"@id\":\"https:\/\/www.ferrantinet.de\/blog\/#organization\",\"name\":\"Ferranti srl unipersonale\",\"url\":\"https:\/\/www.ferrantinet.de\/blog\/\",\"logo\":{\"@type\":\"ImageObject\",\"inLanguage\":\"de\",\"@id\":\"https:\/\/www.ferrantinet.de\/blog\/#\/schema\/logo\/image\/\",\"url\":\"https:\/\/www.ferrantinet.de\/blog\/wp-content\/uploads\/2025\/11\/logo-tedesco-quadro.jpg\",\"contentUrl\":\"https:\/\/www.ferrantinet.de\/blog\/wp-content\/uploads\/2025\/11\/logo-tedesco-quadro.jpg\",\"width\":265,\"height\":265,\"caption\":\"Ferranti srl unipersonale\"},\"image\":{\"@id\":\"https:\/\/www.ferrantinet.de\/blog\/#\/schema\/logo\/image\/\"},\"sameAs\":[\"https:\/\/www.facebook.com\/ferrantinet.de\/\",\"https:\/\/x.com\/FerrantiDach\"]},{\"@type\":\"Person\",\"@id\":\"https:\/\/www.ferrantinet.de\/blog\/#\/schema\/person\/7e5e4af5bffa52f4620fcd53f812ec73\",\"name\":\"alessandro\",\"image\":{\"@type\":\"ImageObject\",\"inLanguage\":\"de\",\"@id\":\"https:\/\/www.ferrantinet.de\/blog\/#\/schema\/person\/image\/\",\"url\":\"https:\/\/secure.gravatar.com\/avatar\/0fcb499242739e48b09b4460894594ee829f25fc0e5299346e6914f734f740f4?s=96&d=mm&r=g\",\"contentUrl\":\"https:\/\/secure.gravatar.com\/avatar\/0fcb499242739e48b09b4460894594ee829f25fc0e5299346e6914f734f740f4?s=96&d=mm&r=g\",\"caption\":\"alessandro\"},\"sameAs\":[\"https:\/\/www.ferrantinet.de\/blog\"]}]}<\/script>\n<!-- \/ Yoast SEO plugin. -->","yoast_head_json":{"title":"Hundeh\u00fctte f\u00fcr Berner Sennenhund - Ferranti Blog DE","description":"Suchen Sie einen Hundeplatz f\u00fcr Ihren Berner Sennenhund? In diesem Artikel erkl\u00e4re ich Ihnen, wie Sie die beste Wahl f\u00fcr diesen gro\u00dfen Hund treffen.","robots":{"index":"index","follow":"follow","max-snippet":"max-snippet:-1","max-image-preview":"max-image-preview:large","max-video-preview":"max-video-preview:-1"},"canonical":"https:\/\/www.ferrantinet.de\/blog\/hundehuette-fuer-berner-sennenhund\/","og_locale":"de_DE","og_type":"article","og_title":"Hundeh\u00fctte f\u00fcr Berner Sennenhund - Ferranti Blog DE","og_description":"Suchen Sie einen Hundeplatz f\u00fcr Ihren Berner Sennenhund? In diesem Artikel erkl\u00e4re ich Ihnen, wie Sie die beste Wahl f\u00fcr diesen gro\u00dfen Hund treffen.","og_url":"https:\/\/www.ferrantinet.de\/blog\/hundehuette-fuer-berner-sennenhund\/","og_site_name":"Ferranti Blog DE","article_publisher":"https:\/\/www.facebook.com\/ferrantinet.de\/","article_published_time":"2024-03-18T09:37:34+00:00","article_modified_time":"2024-04-16T08:55:21+00:00","og_image":[{"width":1191,"height":574,"url":"https:\/\/www.ferrantinet.de\/blog\/wp-content\/uploads\/2024\/03\/bovaro-del-bernese-1.jpg","type":"image\/jpeg"}],"author":"alessandro","twitter_card":"summary_large_image","twitter_creator":"@FerrantiDach","twitter_site":"@FerrantiDach","twitter_misc":{"Verfasst von":"alessandro","Gesch\u00e4tzte Lesezeit":"5\u00a0Minuten"},"schema":{"@context":"https:\/\/schema.org","@graph":[{"@type":"Article","@id":"https:\/\/www.ferrantinet.de\/blog\/hundehuette-fuer-berner-sennenhund\/#article","isPartOf":{"@id":"https:\/\/www.ferrantinet.de\/blog\/hundehuette-fuer-berner-sennenhund\/"},"author":{"name":"alessandro","@id":"https:\/\/www.ferrantinet.de\/blog\/#\/schema\/person\/7e5e4af5bffa52f4620fcd53f812ec73"},"headline":"Hundeh\u00fctte f\u00fcr Berner Sennenhund","datePublished":"2024-03-18T09:37:34+00:00","dateModified":"2024-04-16T08:55:21+00:00","mainEntityOfPage":{"@id":"https:\/\/www.ferrantinet.de\/blog\/hundehuette-fuer-berner-sennenhund\/"},"wordCount":797,"publisher":{"@id":"https:\/\/www.ferrantinet.de\/blog\/#organization"},"image":{"@id":"https:\/\/www.ferrantinet.de\/blog\/hundehuette-fuer-berner-sennenhund\/#primaryimage"},"thumbnailUrl":"https:\/\/www.ferrantinet.de\/blog\/wp-content\/uploads\/2024\/03\/bovaro-del-bernese-1.jpg","articleSection":["Blog"],"inLanguage":"de"},{"@type":"WebPage","@id":"https:\/\/www.ferrantinet.de\/blog\/hundehuette-fuer-berner-sennenhund\/","url":"https:\/\/www.ferrantinet.de\/blog\/hundehuette-fuer-berner-sennenhund\/","name":"Hundeh\u00fctte f\u00fcr Berner Sennenhund - Ferranti Blog DE","isPartOf":{"@id":"https:\/\/www.ferrantinet.de\/blog\/#website"},"primaryImageOfPage":{"@id":"https:\/\/www.ferrantinet.de\/blog\/hundehuette-fuer-berner-sennenhund\/#primaryimage"},"image":{"@id":"https:\/\/www.ferrantinet.de\/blog\/hundehuette-fuer-berner-sennenhund\/#primaryimage"},"thumbnailUrl":"https:\/\/www.ferrantinet.de\/blog\/wp-content\/uploads\/2024\/03\/bovaro-del-bernese-1.jpg","datePublished":"2024-03-18T09:37:34+00:00","dateModified":"2024-04-16T08:55:21+00:00","description":"Suchen Sie einen Hundeplatz f\u00fcr Ihren Berner Sennenhund? In diesem Artikel erkl\u00e4re ich Ihnen, wie Sie die beste Wahl f\u00fcr diesen gro\u00dfen Hund treffen.","breadcrumb":{"@id":"https:\/\/www.ferrantinet.de\/blog\/hundehuette-fuer-berner-sennenhund\/#breadcrumb"},"inLanguage":"de","potentialAction":[{"@type":"ReadAction","target":["https:\/\/www.ferrantinet.de\/blog\/hundehuette-fuer-berner-sennenhund\/"]}]},{"@type":"ImageObject","inLanguage":"de","@id":"https:\/\/www.ferrantinet.de\/blog\/hundehuette-fuer-berner-sennenhund\/#primaryimage","url":"https:\/\/www.ferrantinet.de\/blog\/wp-content\/uploads\/2024\/03\/bovaro-del-bernese-1.jpg","contentUrl":"https:\/\/www.ferrantinet.de\/blog\/wp-content\/uploads\/2024\/03\/bovaro-del-bernese-1.jpg","width":1191,"height":574},{"@type":"BreadcrumbList","@id":"https:\/\/www.ferrantinet.de\/blog\/hundehuette-fuer-berner-sennenhund\/#breadcrumb","itemListElement":[{"@type":"ListItem","position":1,"name":"Home","item":"https:\/\/www.ferrantinet.de\/blog\/"},{"@type":"ListItem","position":2,"name":"Hundeh\u00fctte f\u00fcr Berner Sennenhund"}]},{"@type":"WebSite","@id":"https:\/\/www.ferrantinet.de\/blog\/#website","url":"https:\/\/www.ferrantinet.de\/blog\/","name":"https:\/\/www.ferrantinet.de\/","description":"","publisher":{"@id":"https:\/\/www.ferrantinet.de\/blog\/#organization"},"potentialAction":[{"@type":"SearchAction","target":{"@type":"EntryPoint","urlTemplate":"https:\/\/www.ferrantinet.de\/blog\/?s={search_term_string}"},"query-input":{"@type":"PropertyValueSpecification","valueRequired":true,"valueName":"search_term_string"}}],"inLanguage":"de"},{"@type":"Organization","@id":"https:\/\/www.ferrantinet.de\/blog\/#organization","name":"Ferranti srl unipersonale","url":"https:\/\/www.ferrantinet.de\/blog\/","logo":{"@type":"ImageObject","inLanguage":"de","@id":"https:\/\/www.ferrantinet.de\/blog\/#\/schema\/logo\/image\/","url":"https:\/\/www.ferrantinet.de\/blog\/wp-content\/uploads\/2025\/11\/logo-tedesco-quadro.jpg","contentUrl":"https:\/\/www.ferrantinet.de\/blog\/wp-content\/uploads\/2025\/11\/logo-tedesco-quadro.jpg","width":265,"height":265,"caption":"Ferranti srl unipersonale"},"image":{"@id":"https:\/\/www.ferrantinet.de\/blog\/#\/schema\/logo\/image\/"},"sameAs":["https:\/\/www.facebook.com\/ferrantinet.de\/","https:\/\/x.com\/FerrantiDach"]},{"@type":"Person","@id":"https:\/\/www.ferrantinet.de\/blog\/#\/schema\/person\/7e5e4af5bffa52f4620fcd53f812ec73","name":"alessandro","image":{"@type":"ImageObject","inLanguage":"de","@id":"https:\/\/www.ferrantinet.de\/blog\/#\/schema\/person\/image\/","url":"https:\/\/secure.gravatar.com\/avatar\/0fcb499242739e48b09b4460894594ee829f25fc0e5299346e6914f734f740f4?s=96&d=mm&r=g","contentUrl":"https:\/\/secure.gravatar.com\/avatar\/0fcb499242739e48b09b4460894594ee829f25fc0e5299346e6914f734f740f4?s=96&d=mm&r=g","caption":"alessandro"},"sameAs":["https:\/\/www.ferrantinet.de\/blog"]}]}},"_links":{"self":[{"href":"https:\/\/www.ferrantinet.de\/blog\/wp-json\/wp\/v2\/posts\/226","targetHints":{"allow":["GET"]}}],"collection":[{"href":"https:\/\/www.ferrantinet.de\/blog\/wp-json\/wp\/v2\/posts"}],"about":[{"href":"https:\/\/www.ferrantinet.de\/blog\/wp-json\/wp\/v2\/types\/post"}],"author":[{"embeddable":true,"href":"https:\/\/www.ferrantinet.de\/blog\/wp-json\/wp\/v2\/users\/1"}],"replies":[{"embeddable":true,"href":"https:\/\/www.ferrantinet.de\/blog\/wp-json\/wp\/v2\/comments?post=226"}],"version-history":[{"count":3,"href":"https:\/\/www.ferrantinet.de\/blog\/wp-json\/wp\/v2\/posts\/226\/revisions"}],"predecessor-version":[{"id":235,"href":"https:\/\/www.ferrantinet.de\/blog\/wp-json\/wp\/v2\/posts\/226\/revisions\/235"}],"wp:featuredmedia":[{"embeddable":true,"href":"https:\/\/www.ferrantinet.de\/blog\/wp-json\/wp\/v2\/media\/229"}],"wp:attachment":[{"href":"https:\/\/www.ferrantinet.de\/blog\/wp-json\/wp\/v2\/media?parent=226"}],"wp:term":[{"taxonomy":"category","embeddable":true,"href":"https:\/\/www.ferrantinet.de\/blog\/wp-json\/wp\/v2\/categories?post=226"},{"taxonomy":"post_tag","embeddable":true,"href":"https:\/\/www.ferrantinet.de\/blog\/wp-json\/wp\/v2\/tags?post=226"}],"curies":[{"name":"wp","href":"https:\/\/api.w.org\/{rel}","templated":true}]}}